{"id":5494,"date":"2024-01-19T15:28:27","date_gmt":"2024-01-19T14:28:27","guid":{"rendered":"https:\/\/africa-eu-energy-partnership.org\/?p=5494"},"modified":"2024-04-12T15:44:59","modified_gmt":"2024-04-12T13:44:59","slug":"annonces-en-matiere-denergie-et-resultats-de-la-cop28","status":"publish","type":"post","link":"https:\/\/africa-eu-energy-partnership.org\/fr\/annonces-en-matiere-denergie-et-resultats-de-la-cop28\/","title":{"rendered":"Annonces en mati\u00e8re d\u2019\u00e9nergie et r\u00e9sultats de la COP28\u00a0"},"content":{"rendered":"\n<p>La 28<sup>e<\/sup> Conf\u00e9rence annuelle des parties \u00e0 la Convention-cadre des Nations unies sur les changements climatiques (COP28), qui s\u2019est tenue \u00e0 Duba\u00ef du 30\u202fnovembre au 12\u202fd\u00e9cembre, a donn\u00e9 lieu \u00e0 d\u2019intenses discussions sur l\u2019avenir de l\u2019\u00e9nergie en Afrique, en Europe et dans le monde entier. C\u2019est notamment au cours de la troisi\u00e8me journ\u00e9e de la Conf\u00e9rence, le 2\u202fd\u00e9cembre, que plusieurs engagements ont \u00e9t\u00e9 pris concernant la transition \u00e9nerg\u00e9tique, les \u00e9nergies renouvelables et l\u2019objectif de d\u00e9veloppement durable 7.&nbsp;&nbsp;&nbsp;<\/p>\n\n\n\n<p>Lanc\u00e9 par la pr\u00e9sidence de la COP28, l\u2019<a href=\"https:\/\/www.cop28.com\/en\/news\/2023\/12\/COP28-Presidency-launches-landmark-initiatives-accelerating-the-energy-transition\" target=\"_blank\" rel=\"noreferrer noopener\"><strong>Acc\u00e9l\u00e9rateur mondial de la d\u00e9carbonisation (GDA)<\/strong><\/a> comprend un ensemble de cinq initiatives diff\u00e9rentes visant \u00e0 acc\u00e9l\u00e9rer la transition \u00e9nerg\u00e9tique et \u00e0 r\u00e9duire les \u00e9missions mondiales. Les trois piliers principaux du plan sont la mise \u00e0 l\u2019\u00e9chelle rapide du syst\u00e8me \u00e9nerg\u00e9tique futur, la d\u00e9carbonisation du syst\u00e8me \u00e9nerg\u00e9tique actuel et le ciblage du m\u00e9thane et des gaz \u00e0 effet de serre autres que le CO2. Le GDA sert de feuille de route pour un changement syst\u00e9mique, car il est ax\u00e9 sur l\u2019offre et la demande en \u00e9nergie \u00e0 l\u2019\u00e9chelle mondiale. L\u2019acc\u00e9l\u00e9rateur mondial de la d\u00e9carbonisation a \u00e9t\u00e9 \u00e9labor\u00e9 gr\u00e2ce aux contributions de parties prenantes cl\u00e9s telles que des organisations internationales, des gouvernements, des d\u00e9cideur\u00b7euse\u00b7s politiques et des ONG de divers secteurs industriels. Voici les cinq initiatives\u202f:&nbsp;<\/p>\n\n\n\n<p>L\u2019initiative la plus remarquable du GDA est l\u2019<a href=\"https:\/\/www.cop28.com\/en\/global-renewables-and-energy-efficiency-pledge\" target=\"_blank\" rel=\"noreferrer noopener\"><strong>Engagement mondial en faveur des \u00e9nergies renouvelables et de l\u2019efficacit\u00e9 \u00e9nerg\u00e9tique<\/strong><\/a>, qui promet de tripler la capacit\u00e9 d\u2019\u00e9nergie renouvelable et de doubler l\u2019efficacit\u00e9 \u00e9nerg\u00e9tique d\u2019ici 2030. La pr\u00e9sidente de la Commission europ\u00e9enne, Ursula von der Leyen, a annonc\u00e9 en avril 2023\u202fque l\u2019UE proposerait des objectifs mondiaux en mati\u00e8re d\u2019\u00e9nergies renouvelables et d\u2019efficacit\u00e9 \u00e9nerg\u00e9tique lors de la COP28. Le 2\u202fd\u00e9cembre, elle \u00e9tait accompagn\u00e9e de plus de 100\u202fdirigeant\u00b7e\u00b7s mondiaux\u00b7ales lors du lancement de cet engagement. Avec le soutien et les signatures de 116\u202fpays, il est d\u00e9sormais possible d\u2019atteindre l\u2019objectif de z\u00e9ro \u00e9mission nette dans le secteur de l\u2019\u00e9nergie d\u2019ici 2050\u202fet de tripler la capacit\u00e9 d\u2019\u00e9nergie renouvelable d\u2019ici 2030. Pour l\u2019Union europ\u00e9enne, cet engagement signifie supprimer progressivement l\u2019utilisation des combustibles fossiles et se tourner vers une \u00e9nergie verte et propre. Pour l\u2019Afrique, cela signifie sauter l\u2019\u00e9tape des combustibles fossiles pour renforcer l\u2019infrastructure \u00e9nerg\u00e9tique du continent avec des solutions d\u2019\u00e9nergies renouvelables.&nbsp;&nbsp;<\/p>\n\n\n\n<p>La <a href=\"https:\/\/www.cop28.com\/en\/cop28-uae-declaration-on-hydrogen-and-derivatives\" target=\"_blank\" rel=\"noreferrer noopener\"><strong>D\u00e9claration d\u2019intention des \u00c9mirats arabes unis sur l\u2019hydrog\u00e8ne<\/strong><\/a><strong> <\/strong>ou la D\u00e9claration d\u2019intention sur la reconnaissance mutuelle des syst\u00e8mes de certification pour l\u2019hydrog\u00e8ne renouvelable et \u00e0 faible teneur en carbone et les d\u00e9riv\u00e9s de l\u2019hydrog\u00e8ne. Le potentiel de l\u2019hydrog\u00e8ne propre pour la d\u00e9carbonisation des industries et des transports est \u00e9norme. La reconnaissance croissante de ce potentiel repr\u00e9sente la premi\u00e8re \u00e9tape de l\u2019int\u00e9gration de l\u2019hydrog\u00e8ne propre sur le march\u00e9 mondial. Sur les 35\u202fsignatures de cette initiative, huit proviennent de pays africains, dont le Ghana, la Namibie et le Nigeria, et dix signatures proviennent d\u2019Europe.&nbsp;&nbsp;<\/p>\n\n\n\n<p>Lanc\u00e9e par la pr\u00e9sidence de la COP28\u202fet le Royaume d\u2019Arabie saoudite, la <a href=\"https:\/\/www.cop28.com\/en\/news\/2023\/12\/Oil-Gas-Decarbonization-Charter-launched-to--accelerate-climate-action\" target=\"_blank\" rel=\"noreferrer noopener\"><strong>Charte de d\u00e9carbonisation du p\u00e9trole et du gaz (OGDC)<\/strong><\/a>cible sp\u00e9cifiquement les secteurs du p\u00e9trole et du gaz et vise \u00e0 intensifier l\u2019action climatique et \u00e0 obtenir un impact de haut<s> <\/s>niveau dans ce secteur \u00e0 fortes \u00e9missions. 50\u202fentreprises repr\u00e9sentant plus de 40\u202f% de la production p\u00e9troli\u00e8re mondiale ont sign\u00e9 la Charte. C\u2019est l\u2019initiative de d\u00e9carbonisation rassemblant le plus grand nombre de compagnies p\u00e9troli\u00e8res nationales.&nbsp;&nbsp;<\/p>\n\n\n\n<p>Parall\u00e8lement, l\u2019<a href=\"https:\/\/www.cop28.com\/en\/news\/2023\/12\/COP28-Presidency-launches-landmark-initiatives-accelerating-the-energy-transition\" target=\"_blank\" rel=\"noreferrer noopener\"><strong>Acc\u00e9l\u00e9rateur de transition industrielle (ATI)<\/strong><\/a> vise \u00e0 acc\u00e9l\u00e9rer la d\u00e9carbonisation dans les secteurs \u00e0 forte \u00e9mission de carbone et encourage la collaboration entre les parties prenantes pour d\u00e9bloquer les investissements et intensifier la mise en \u0153uvre de projets de r\u00e9duction des \u00e9missions.&nbsp;&nbsp;<\/p>\n\n\n\n<p>L\u2019<a href=\"https:\/\/www.unep.org\/resources\/report\/global-cooling-pledge\" target=\"_blank\" rel=\"noreferrer noopener\"><strong>Engagement mondial en faveur du refroidissement<\/strong><\/a> des \u00c9mirats arabes unis est ax\u00e9 sur les \u00e9missions li\u00e9es au refroidissement et vise \u00e0 les r\u00e9duire de 68\u202f% d\u2019ici 2050. Cette initiative a \u00e9galement pour objectif d\u2019accro\u00eetre l\u2019acc\u00e8s au refroidissement durable d\u2019ici 2030\u202fet d\u2019augmenter de 50\u202f% l\u2019efficacit\u00e9 moyenne des nouveaux climatiseurs dans le monde. Pour les r\u00e9gions du monde qui souffrent de la chaleur extr\u00eame provoqu\u00e9e par le changement climatique, la mise en \u0153uvre de directives conformes aux normes \u00e9nonc\u00e9es dans cet engagement est cruciale.&nbsp;&nbsp;<\/p>\n\n\n\n<p><strong>Batteries, \u00e9nergie nucl\u00e9aire et \u00e9largissement des infrastructures de r\u00e9seau<\/strong>&nbsp;<\/p>\n\n\n\n<p>Plusieurs pays africains ont officiellement exprim\u00e9 leur int\u00e9r\u00eat \u00e0 rejoindre un <a href=\"https:\/\/www.afdb.org\/fr\/news-and-events\/press-releases\/cop28-les-pays-africains-sengagent-rejoindre-un-consortium-mondial-pionnier-dans-le-domaine-du-stockage-de-lenergie-par-batterie-66534\" target=\"_blank\" rel=\"noreferrer noopener\"><strong>consortium mondial pionnier relatif aux syst\u00e8mes de stockage d\u2019\u00e9nergie par batterie<\/strong><\/a>. Baptis\u00e9s BESS, ces <a href=\"https:\/\/africa-eu-energy-partnership.org\/wp-content\/uploads\/2023\/08\/BESS-SSS-Summary-vSHORTENED-UPDATED-CLEAN.pdf\" target=\"_blank\" rel=\"noreferrer noopener\">syst\u00e8mes de stockage d\u2019\u00e9nergie par batterie<\/a> sont utilis\u00e9s pour stocker et distribuer l\u2019\u00e9nergie sous forme d\u2019\u00e9lectricit\u00e9. Dans sa version la plus simple, le BESS se compose d\u2019une ou plusieurs batteries qui stockent l\u2019\u00e9nergie \u00e9lectrique pour une utilisation ult\u00e9rieure. Cette \u00e9nergie stock\u00e9e peut ensuite \u00eatre utilis\u00e9e en cas de besoin pour r\u00e9pondre \u00e0 diverses demandes d\u2019\u00e9lectricit\u00e9 dans des domaines vari\u00e9s. Un consortium BESS pourrait r\u00e9volutionner le paysage \u00e9nerg\u00e9tique africain et repr\u00e9senter la cl\u00e9 de l\u2019acc\u00e8s \u00e0 l\u2019\u00e9nergie pour le continent. Gr\u00e2ce \u00e0 la collaboration et au respect des engagements individuels en mati\u00e8re de stockage d\u2019\u00e9nergie, ce consortium peut servir de feuille de route pour atteindre l\u2019objectif de 400 GW d\u2019\u00e9nergie renouvelable d\u2019ici 2030.&nbsp;&nbsp;<\/p>\n\n\n\n<p>Conform\u00e9ment \u00e0 l\u2019objectif de l\u2019Accord de Paris de 2015\u202fde limiter la hausse de la temp\u00e9rature mondiale \u00e0 1,5\u202fdegr\u00e9, la <a href=\"https:\/\/www.energy.gov\/articles\/cop28-countries-launch-declaration-triple-nuclear-energy-capacity-2050-recognizing-key\" target=\"_blank\" rel=\"noreferrer noopener\"><strong>D\u00e9claration relative au triplement de la production d\u2019\u00e9nergie nucl\u00e9aire<\/strong><\/a> a \u00e9t\u00e9 annonc\u00e9e par le minist\u00e8re de l\u2019\u00e9nergie des \u00c9tats-Unis. Le but premier de la D\u00e9claration est de donner la priorit\u00e9 \u00e0 la collaboration pour atteindre cette nouvelle capacit\u00e9 d\u2019ici 2050\u202fet d\u2019encourager les actionnaires des institutions financi\u00e8res internationales \u00e0 inclure l\u2019\u00e9nergie nucl\u00e9aire dans leurs politiques de pr\u00eats consacr\u00e9s \u00e0 l\u2019\u00e9nergie. Les signataires de la D\u00e9claration prennent acte du potentiel de l\u2019\u00e9nergie nucl\u00e9aire et s\u2019engagent \u00e0 prendre des mesures aussi bien internationales que nationales pour garantir une exploitation responsable des centrales nucl\u00e9aires et mobiliser les investissements en mati\u00e8re d\u2019\u00e9nergie nucl\u00e9aire. Parmi les 26\u202fpays qui ont approuv\u00e9 la proposition figurent de nombreux pays d\u2019Afrique et d\u2019Europe, dont la Bulgarie, la Croatie, la Finlande, la France, le Ghana, la Hongrie, le Maroc, la Moldavie, les Pays-Bas, la Pologne, la R\u00e9publique tch\u00e8que, la Roumanie, la Slovaquie, la Slov\u00e9nie, Su\u00e8de et Ukraine.&nbsp;&nbsp;<\/p>\n\n\n\n<p>L\u2019initiative<strong> <\/strong><a href=\"https:\/\/prod-cd.irena.org\/News\/pressreleases\/2023\/Dec\/Global-Power-Utilities-Declare-Joint-Action-Plan-to-Drive-Energy-Transition-at-COP28\" target=\"_blank\" rel=\"noreferrer noopener\"><strong>\u00ab\u202fUtilities for Net Zero Alliance\u202f\u00bb (UNEZA)\u202f<\/strong><\/a>, dont le secr\u00e9tariat est l\u2019Agence internationale pour les \u00e9nergies renouvelables (IRENA), vise \u00e0 acc\u00e9l\u00e9rer les investissements dans l\u2019infrastructure du r\u00e9seau afin de maintenir la plan\u00e8te sur la voie de l\u2019objectif de z\u00e9ro \u00e9mission nette. Les chefs de file de l\u2019industrie de l\u2019\u00e9lectricit\u00e9 et de l\u2019\u00e9nergie propre ont travaill\u00e9 ensemble \u00e0 l\u2019\u00e9laboration d\u2019un instrument pour la mise en \u0153uvre de cet objectif. Leur plan, en tant que nouvelle alliance, pr\u00e9voit la mobilisation de capitaux, la r\u00e9duction des risques li\u00e9s aux cha\u00eenes d\u2019approvisionnement, le renforcement des capacit\u00e9s et des talents, et la facilitation du soutien aux politiques et aux r\u00e8glementations. Les parties charg\u00e9es de la mise en \u0153uvre esp\u00e8rent acc\u00e9l\u00e9rer l\u2019adoption des \u00e9nergies renouvelables et construire les infrastructures n\u00e9cessaires tout en offrant une plate-forme pour rem\u00e9dier aux goulets d\u2019\u00e9tranglement de la cha\u00eene d\u2019approvisionnement, soutenir les flux de capitaux vers la transformation du secteur de l\u2019\u00e9nergie dans les pays du Sud, et engager un dialogue avec les responsables politiques et les instances de r\u00e8glementation. L\u2019Alliance comprend Abu Dhabi National Energy Company (TAQA), l\u2019une des plus grandes soci\u00e9t\u00e9s d\u2019\u00e9nergie int\u00e9gr\u00e9es cot\u00e9es en Europe, au Moyen-Orient et en Afrique, Bui Power Authority, DEWA, DLO Energy, Enel, Engie, Etihad Water and Electricity, Hitachi Energy, Iberdrola, Jinko Power, Masdar, National Grid, RWE, Schneider Electric, Siemens, Tenaga, Uniper et Xlinks.&nbsp;&nbsp;<\/p>\n\n\n\n<p>Le 13\u202fd\u00e9cembre, <a href=\"https:\/\/unfccc.int\/fr\/news\/l-accord-de-la-cop28-marque-le-debut-de-la-fin-de-l-ere-des-combustibles-fossiles\" target=\"_blank\" rel=\"noreferrer noopener\">la COP28\u202fs\u2019est cl\u00f4tur\u00e9e<\/a>, apr\u00e8s les horaires pr\u00e9vus, par une d\u00e9claration finale qui, pour la premi\u00e8re fois, prend position en faveur de l\u2019\u00e9limination progressive des combustibles fossiles. Les annonces et engagements susmentionn\u00e9s marquent un grand pas en avant vers une transition \u00e9nerg\u00e9tique mondiale et vers le d\u00e9but de la transition hors des combustibles fossiles. Apr\u00e8s avoir \u00e9t\u00e9 bloqu\u00e9 pendant de nombreuses ann\u00e9es, ce changement est notamment d\u00fb \u00e0 l\u2019<a href=\"https:\/\/www.europarl.europa.eu\/news\/fr\/press-room\/20231205IPR15686\/cop28-climate-talks-agree-on-transitioning-away-from-fossil-fuels\" target=\"_blank\" rel=\"noreferrer noopener\">alliance de l\u2019UE<\/a> avec les pays en d\u00e9veloppement. Cependant, l\u2019accord a re\u00e7u <a href=\"https:\/\/www.reuters.com\/business\/environment\/reaction-uns-final-proposal-cop28-deal-2023-12-13\/\" target=\"_blank\" rel=\"noreferrer noopener\">un accueil mitig\u00e9\u202f:<\/a> cette d\u00e9cision historique a provoqu\u00e9 louanges, mais aussi critiques qui pointaient que les \u00e9l\u00e9ments convenus n\u2019\u00e9taient toujours pas suffisants. Malgr\u00e9 les critiques, les progr\u00e8s r\u00e9alis\u00e9s au cours des deux semaines de n\u00e9gociations et de discussions intenses maintiennent les promesses faites lors des COP pass\u00e9es et, de l\u2019avis de nombreuses personnes, ouvrent la voie \u00e0 de nouvelles n\u00e9gociations, dialogues et collaborations \u2013 tous n\u00e9cessaires pour se rapprocher de la vision d\u2019un avenir \u00e9nerg\u00e9tique juste et durable.&nbsp;&nbsp;&nbsp;<\/p>\n","protected":false},"excerpt":{"rendered":"<p>La 28e Conf\u00e9rence annuelle des parties \u00e0 la Convention-cadre des Nations unies sur les changements climatiques (COP28), qui s\u2019est tenue \u00e0 Duba\u00ef du 30\u202fnovembre au 12\u202fd\u00e9cembre, a donn\u00e9 lieu \u00e0 d\u2019intenses discussions sur l\u2019avenir de l\u2019\u00e9nergie en Afrique, en Europe et dans le monde entier. C\u2019est notamment au cours de la troisi\u00e8me journ\u00e9e de la Conf\u00e9rence, le 2\u202fd\u00e9cembre, que plusieurs engagements ont \u00e9t\u00e9 pris concernant la transition \u00e9nerg\u00e9tique, les \u00e9nergies renouvelables et l\u2019objectif de d\u00e9veloppement durable 7.\u00a0\u00a0\u00a0<\/p>\n","protected":false},"author":6,"featured_media":5448,"comment_status":"closed","ping_status":"closed","sticky":false,"template":"","format":"standard","meta":{"footnotes":""},"categories":[380],"tags":[],"class_list":["post-5494","post","type-post","status-publish","format-standard","has-post-thumbnail","hentry","category-capacitating-joint-action-fr"],"yoast_head":"<!-- This site is optimized with the Yoast SEO plugin v28.4 - https:\/\/yoast.com\/product\/yoast-seo-wordpress\/ -->\n<title>Annonces en mati\u00e8re d\u2019\u00e9nergie et r\u00e9sultats de la COP28\u00a0 - Africa-EU Energy Partnership<\/title>\n<meta name=\"robots\" content=\"index, follow, max-snippet:-1, max-image-preview:large, max-video-preview:-1\" \/>\n<link rel=\"canonical\" href=\"https:\/\/africa-eu-energy-partnership.org\/fr\/annonces-en-matiere-denergie-et-resultats-de-la-cop28\/\" \/>\n<meta property=\"og:locale\" content=\"fr_FR\" \/>\n<meta property=\"og:type\" content=\"article\" \/>\n<meta property=\"og:title\" content=\"Annonces en mati\u00e8re d\u2019\u00e9nergie et r\u00e9sultats de la COP28\u00a0 - Africa-EU Energy Partnership\" \/>\n<meta property=\"og:description\" content=\"La 28e Conf\u00e9rence annuelle des parties \u00e0 la Convention-cadre des Nations unies sur les changements climatiques (COP28), qui s\u2019est tenue \u00e0 Duba\u00ef du 30\u202fnovembre au 12\u202fd\u00e9cembre, a donn\u00e9 lieu \u00e0 d\u2019intenses discussions sur l\u2019avenir de l\u2019\u00e9nergie en Afrique, en Europe et dans le monde entier. C\u2019est notamment au cours de la troisi\u00e8me journ\u00e9e de la Conf\u00e9rence, le 2\u202fd\u00e9cembre, que plusieurs engagements ont \u00e9t\u00e9 pris concernant la transition \u00e9nerg\u00e9tique, les \u00e9nergies renouvelables et l\u2019objectif de d\u00e9veloppement durable 7.\u00a0\u00a0\u00a0\" \/>\n<meta property=\"og:url\" content=\"https:\/\/africa-eu-energy-partnership.org\/fr\/annonces-en-matiere-denergie-et-resultats-de-la-cop28\/\" \/>\n<meta property=\"og:site_name\" content=\"Africa-EU Energy Partnership\" \/>\n<meta property=\"article:published_time\" content=\"2024-01-19T14:28:27+00:00\" \/>\n<meta property=\"article:modified_time\" content=\"2024-04-12T13:44:59+00:00\" \/>\n<meta property=\"og:image\" content=\"https:\/\/africa-eu-energy-partnership.org\/wp-content\/uploads\/2023\/12\/Screenshot-2023-12-15-171409.png\" \/>\n\t<meta property=\"og:image:width\" content=\"1071\" \/>\n\t<meta property=\"og:image:height\" content=\"713\" \/>\n\t<meta property=\"og:image:type\" content=\"image\/png\" \/>\n<meta name=\"author\" content=\"Maximilian Heil\" \/>\n<meta name=\"twitter:card\" content=\"summary_large_image\" \/>\n<meta name=\"twitter:label1\" content=\"\u00c9crit par\" \/>\n\t<meta name=\"twitter:data1\" content=\"Maximilian Heil\" \/>\n\t<meta name=\"twitter:label2\" content=\"Dur\u00e9e de lecture estim\u00e9e\" \/>\n\t<meta name=\"twitter:data2\" content=\"7 minutes\" \/>\n<script type=\"application\/ld+json\" class=\"yoast-schema-graph\">{\"@context\":\"https:\\\/\\\/schema.org\",\"@graph\":[{\"@type\":\"Article\",\"@id\":\"https:\\\/\\\/africa-eu-energy-partnership.org\\\/fr\\\/annonces-en-matiere-denergie-et-resultats-de-la-cop28\\\/#article\",\"isPartOf\":{\"@id\":\"https:\\\/\\\/africa-eu-energy-partnership.org\\\/fr\\\/annonces-en-matiere-denergie-et-resultats-de-la-cop28\\\/\"},\"author\":{\"name\":\"Maximilian Heil\",\"@id\":\"https:\\\/\\\/africa-eu-energy-partnership.org\\\/#\\\/schema\\\/person\\\/7ecf8acbf0711538141d9ddadaec8653\"},\"headline\":\"Annonces en mati\u00e8re d\u2019\u00e9nergie et r\u00e9sultats de la COP28\u00a0\",\"datePublished\":\"2024-01-19T14:28:27+00:00\",\"dateModified\":\"2024-04-12T13:44:59+00:00\",\"mainEntityOfPage\":{\"@id\":\"https:\\\/\\\/africa-eu-energy-partnership.org\\\/fr\\\/annonces-en-matiere-denergie-et-resultats-de-la-cop28\\\/\"},\"wordCount\":1626,\"publisher\":{\"@id\":\"https:\\\/\\\/africa-eu-energy-partnership.org\\\/#organization\"},\"image\":{\"@id\":\"https:\\\/\\\/africa-eu-energy-partnership.org\\\/fr\\\/annonces-en-matiere-denergie-et-resultats-de-la-cop28\\\/#primaryimage\"},\"thumbnailUrl\":\"https:\\\/\\\/africa-eu-energy-partnership.org\\\/wp-content\\\/uploads\\\/2023\\\/12\\\/Screenshot-2023-12-15-171409.png\",\"articleSection\":[\"Capacitating Joint Action\"],\"inLanguage\":\"fr-FR\"},{\"@type\":\"WebPage\",\"@id\":\"https:\\\/\\\/africa-eu-energy-partnership.org\\\/fr\\\/annonces-en-matiere-denergie-et-resultats-de-la-cop28\\\/\",\"url\":\"https:\\\/\\\/africa-eu-energy-partnership.org\\\/fr\\\/annonces-en-matiere-denergie-et-resultats-de-la-cop28\\\/\",\"name\":\"Annonces en mati\u00e8re d\u2019\u00e9nergie et r\u00e9sultats de la COP28\u00a0 - Africa-EU Energy Partnership\",\"isPartOf\":{\"@id\":\"https:\\\/\\\/africa-eu-energy-partnership.org\\\/#website\"},\"primaryImageOfPage\":{\"@id\":\"https:\\\/\\\/africa-eu-energy-partnership.org\\\/fr\\\/annonces-en-matiere-denergie-et-resultats-de-la-cop28\\\/#primaryimage\"},\"image\":{\"@id\":\"https:\\\/\\\/africa-eu-energy-partnership.org\\\/fr\\\/annonces-en-matiere-denergie-et-resultats-de-la-cop28\\\/#primaryimage\"},\"thumbnailUrl\":\"https:\\\/\\\/africa-eu-energy-partnership.org\\\/wp-content\\\/uploads\\\/2023\\\/12\\\/Screenshot-2023-12-15-171409.png\",\"datePublished\":\"2024-01-19T14:28:27+00:00\",\"dateModified\":\"2024-04-12T13:44:59+00:00\",\"breadcrumb\":{\"@id\":\"https:\\\/\\\/africa-eu-energy-partnership.org\\\/fr\\\/annonces-en-matiere-denergie-et-resultats-de-la-cop28\\\/#breadcrumb\"},\"inLanguage\":\"fr-FR\",\"potentialAction\":[{\"@type\":\"ReadAction\",\"target\":[\"https:\\\/\\\/africa-eu-energy-partnership.org\\\/fr\\\/annonces-en-matiere-denergie-et-resultats-de-la-cop28\\\/\"]}]},{\"@type\":\"ImageObject\",\"inLanguage\":\"fr-FR\",\"@id\":\"https:\\\/\\\/africa-eu-energy-partnership.org\\\/fr\\\/annonces-en-matiere-denergie-et-resultats-de-la-cop28\\\/#primaryimage\",\"url\":\"https:\\\/\\\/africa-eu-energy-partnership.org\\\/wp-content\\\/uploads\\\/2023\\\/12\\\/Screenshot-2023-12-15-171409.png\",\"contentUrl\":\"https:\\\/\\\/africa-eu-energy-partnership.org\\\/wp-content\\\/uploads\\\/2023\\\/12\\\/Screenshot-2023-12-15-171409.png\",\"width\":1071,\"height\":713},{\"@type\":\"BreadcrumbList\",\"@id\":\"https:\\\/\\\/africa-eu-energy-partnership.org\\\/fr\\\/annonces-en-matiere-denergie-et-resultats-de-la-cop28\\\/#breadcrumb\",\"itemListElement\":[{\"@type\":\"ListItem\",\"position\":1,\"name\":\"Home\",\"item\":\"https:\\\/\\\/africa-eu-energy-partnership.org\\\/fr\\\/\"},{\"@type\":\"ListItem\",\"position\":2,\"name\":\"Annonces en mati\u00e8re d\u2019\u00e9nergie et r\u00e9sultats de la COP28\u00a0\"}]},{\"@type\":\"WebSite\",\"@id\":\"https:\\\/\\\/africa-eu-energy-partnership.org\\\/#website\",\"url\":\"https:\\\/\\\/africa-eu-energy-partnership.org\\\/\",\"name\":\"Africa-EU Energy Partnership\",\"description\":\"Official Website\",\"publisher\":{\"@id\":\"https:\\\/\\\/africa-eu-energy-partnership.org\\\/#organization\"},\"potentialAction\":[{\"@type\":\"SearchAction\",\"target\":{\"@type\":\"EntryPoint\",\"urlTemplate\":\"https:\\\/\\\/africa-eu-energy-partnership.org\\\/?s={search_term_string}\"},\"query-input\":{\"@type\":\"PropertyValueSpecification\",\"valueRequired\":true,\"valueName\":\"search_term_string\"}}],\"inLanguage\":\"fr-FR\"},{\"@type\":\"Organization\",\"@id\":\"https:\\\/\\\/africa-eu-energy-partnership.org\\\/#organization\",\"name\":\"Africa-EU Energy Partnership (AEEP)\",\"url\":\"https:\\\/\\\/africa-eu-energy-partnership.org\\\/\",\"logo\":{\"@type\":\"ImageObject\",\"inLanguage\":\"fr-FR\",\"@id\":\"https:\\\/\\\/africa-eu-energy-partnership.org\\\/#\\\/schema\\\/logo\\\/image\\\/\",\"url\":\"https:\\\/\\\/aeep.akryldev.de\\\/wp-content\\\/uploads\\\/2020\\\/02\\\/AEEP_logo_rgb.svg\",\"contentUrl\":\"https:\\\/\\\/aeep.akryldev.de\\\/wp-content\\\/uploads\\\/2020\\\/02\\\/AEEP_logo_rgb.svg\",\"width\":1,\"height\":1,\"caption\":\"Africa-EU Energy Partnership (AEEP)\"},\"image\":{\"@id\":\"https:\\\/\\\/africa-eu-energy-partnership.org\\\/#\\\/schema\\\/logo\\\/image\\\/\"}},{\"@type\":\"Person\",\"@id\":\"https:\\\/\\\/africa-eu-energy-partnership.org\\\/#\\\/schema\\\/person\\\/7ecf8acbf0711538141d9ddadaec8653\",\"name\":\"Maximilian Heil\",\"image\":{\"@type\":\"ImageObject\",\"inLanguage\":\"fr-FR\",\"@id\":\"https:\\\/\\\/secure.gravatar.com\\\/avatar\\\/c142402aede931972deb2bb54f21bf4b58e5394009ab68da356ab9ef16516549?s=96&d=mm&r=g\",\"url\":\"https:\\\/\\\/secure.gravatar.com\\\/avatar\\\/c142402aede931972deb2bb54f21bf4b58e5394009ab68da356ab9ef16516549?s=96&d=mm&r=g\",\"contentUrl\":\"https:\\\/\\\/secure.gravatar.com\\\/avatar\\\/c142402aede931972deb2bb54f21bf4b58e5394009ab68da356ab9ef16516549?s=96&d=mm&r=g\",\"caption\":\"Maximilian Heil\"}}]}<\/script>\n<!-- \/ Yoast SEO plugin. -->","yoast_head_json":{"title":"Annonces en mati\u00e8re d\u2019\u00e9nergie et r\u00e9sultats de la COP28\u00a0 - Africa-EU Energy Partnership","robots":{"index":"index","follow":"follow","max-snippet":"max-snippet:-1","max-image-preview":"max-image-preview:large","max-video-preview":"max-video-preview:-1"},"canonical":"https:\/\/africa-eu-energy-partnership.org\/fr\/annonces-en-matiere-denergie-et-resultats-de-la-cop28\/","og_locale":"fr_FR","og_type":"article","og_title":"Annonces en mati\u00e8re d\u2019\u00e9nergie et r\u00e9sultats de la COP28\u00a0 - Africa-EU Energy Partnership","og_description":"La 28e Conf\u00e9rence annuelle des parties \u00e0 la Convention-cadre des Nations unies sur les changements climatiques (COP28), qui s\u2019est tenue \u00e0 Duba\u00ef du 30\u202fnovembre au 12\u202fd\u00e9cembre, a donn\u00e9 lieu \u00e0 d\u2019intenses discussions sur l\u2019avenir de l\u2019\u00e9nergie en Afrique, en Europe et dans le monde entier. C\u2019est notamment au cours de la troisi\u00e8me journ\u00e9e de la Conf\u00e9rence, le 2\u202fd\u00e9cembre, que plusieurs engagements ont \u00e9t\u00e9 pris concernant la transition \u00e9nerg\u00e9tique, les \u00e9nergies renouvelables et l\u2019objectif de d\u00e9veloppement durable 7.\u00a0\u00a0\u00a0","og_url":"https:\/\/africa-eu-energy-partnership.org\/fr\/annonces-en-matiere-denergie-et-resultats-de-la-cop28\/","og_site_name":"Africa-EU Energy Partnership","article_published_time":"2024-01-19T14:28:27+00:00","article_modified_time":"2024-04-12T13:44:59+00:00","og_image":[{"width":1071,"height":713,"url":"https:\/\/africa-eu-energy-partnership.org\/wp-content\/uploads\/2023\/12\/Screenshot-2023-12-15-171409.png","type":"image\/png"}],"author":"Maximilian Heil","twitter_card":"summary_large_image","twitter_misc":{"\u00c9crit par":"Maximilian Heil","Dur\u00e9e de lecture estim\u00e9e":"7 minutes"},"schema":{"@context":"https:\/\/schema.org","@graph":[{"@type":"Article","@id":"https:\/\/africa-eu-energy-partnership.org\/fr\/annonces-en-matiere-denergie-et-resultats-de-la-cop28\/#article","isPartOf":{"@id":"https:\/\/africa-eu-energy-partnership.org\/fr\/annonces-en-matiere-denergie-et-resultats-de-la-cop28\/"},"author":{"name":"Maximilian Heil","@id":"https:\/\/africa-eu-energy-partnership.org\/#\/schema\/person\/7ecf8acbf0711538141d9ddadaec8653"},"headline":"Annonces en mati\u00e8re d\u2019\u00e9nergie et r\u00e9sultats de la COP28\u00a0","datePublished":"2024-01-19T14:28:27+00:00","dateModified":"2024-04-12T13:44:59+00:00","mainEntityOfPage":{"@id":"https:\/\/africa-eu-energy-partnership.org\/fr\/annonces-en-matiere-denergie-et-resultats-de-la-cop28\/"},"wordCount":1626,"publisher":{"@id":"https:\/\/africa-eu-energy-partnership.org\/#organization"},"image":{"@id":"https:\/\/africa-eu-energy-partnership.org\/fr\/annonces-en-matiere-denergie-et-resultats-de-la-cop28\/#primaryimage"},"thumbnailUrl":"https:\/\/africa-eu-energy-partnership.org\/wp-content\/uploads\/2023\/12\/Screenshot-2023-12-15-171409.png","articleSection":["Capacitating Joint Action"],"inLanguage":"fr-FR"},{"@type":"WebPage","@id":"https:\/\/africa-eu-energy-partnership.org\/fr\/annonces-en-matiere-denergie-et-resultats-de-la-cop28\/","url":"https:\/\/africa-eu-energy-partnership.org\/fr\/annonces-en-matiere-denergie-et-resultats-de-la-cop28\/","name":"Annonces en mati\u00e8re d\u2019\u00e9nergie et r\u00e9sultats de la COP28\u00a0 - Africa-EU Energy Partnership","isPartOf":{"@id":"https:\/\/africa-eu-energy-partnership.org\/#website"},"primaryImageOfPage":{"@id":"https:\/\/africa-eu-energy-partnership.org\/fr\/annonces-en-matiere-denergie-et-resultats-de-la-cop28\/#primaryimage"},"image":{"@id":"https:\/\/africa-eu-energy-partnership.org\/fr\/annonces-en-matiere-denergie-et-resultats-de-la-cop28\/#primaryimage"},"thumbnailUrl":"https:\/\/africa-eu-energy-partnership.org\/wp-content\/uploads\/2023\/12\/Screenshot-2023-12-15-171409.png","datePublished":"2024-01-19T14:28:27+00:00","dateModified":"2024-04-12T13:44:59+00:00","breadcrumb":{"@id":"https:\/\/africa-eu-energy-partnership.org\/fr\/annonces-en-matiere-denergie-et-resultats-de-la-cop28\/#breadcrumb"},"inLanguage":"fr-FR","potentialAction":[{"@type":"ReadAction","target":["https:\/\/africa-eu-energy-partnership.org\/fr\/annonces-en-matiere-denergie-et-resultats-de-la-cop28\/"]}]},{"@type":"ImageObject","inLanguage":"fr-FR","@id":"https:\/\/africa-eu-energy-partnership.org\/fr\/annonces-en-matiere-denergie-et-resultats-de-la-cop28\/#primaryimage","url":"https:\/\/africa-eu-energy-partnership.org\/wp-content\/uploads\/2023\/12\/Screenshot-2023-12-15-171409.png","contentUrl":"https:\/\/africa-eu-energy-partnership.org\/wp-content\/uploads\/2023\/12\/Screenshot-2023-12-15-171409.png","width":1071,"height":713},{"@type":"BreadcrumbList","@id":"https:\/\/africa-eu-energy-partnership.org\/fr\/annonces-en-matiere-denergie-et-resultats-de-la-cop28\/#breadcrumb","itemListElement":[{"@type":"ListItem","position":1,"name":"Home","item":"https:\/\/africa-eu-energy-partnership.org\/fr\/"},{"@type":"ListItem","position":2,"name":"Annonces en mati\u00e8re d\u2019\u00e9nergie et r\u00e9sultats de la COP28\u00a0"}]},{"@type":"WebSite","@id":"https:\/\/africa-eu-energy-partnership.org\/#website","url":"https:\/\/africa-eu-energy-partnership.org\/","name":"Africa-EU Energy Partnership","description":"Official Website","publisher":{"@id":"https:\/\/africa-eu-energy-partnership.org\/#organization"},"potentialAction":[{"@type":"SearchAction","target":{"@type":"EntryPoint","urlTemplate":"https:\/\/africa-eu-energy-partnership.org\/?s={search_term_string}"},"query-input":{"@type":"PropertyValueSpecification","valueRequired":true,"valueName":"search_term_string"}}],"inLanguage":"fr-FR"},{"@type":"Organization","@id":"https:\/\/africa-eu-energy-partnership.org\/#organization","name":"Africa-EU Energy Partnership (AEEP)","url":"https:\/\/africa-eu-energy-partnership.org\/","logo":{"@type":"ImageObject","inLanguage":"fr-FR","@id":"https:\/\/africa-eu-energy-partnership.org\/#\/schema\/logo\/image\/","url":"https:\/\/aeep.akryldev.de\/wp-content\/uploads\/2020\/02\/AEEP_logo_rgb.svg","contentUrl":"https:\/\/aeep.akryldev.de\/wp-content\/uploads\/2020\/02\/AEEP_logo_rgb.svg","width":1,"height":1,"caption":"Africa-EU Energy Partnership (AEEP)"},"image":{"@id":"https:\/\/africa-eu-energy-partnership.org\/#\/schema\/logo\/image\/"}},{"@type":"Person","@id":"https:\/\/africa-eu-energy-partnership.org\/#\/schema\/person\/7ecf8acbf0711538141d9ddadaec8653","name":"Maximilian Heil","image":{"@type":"ImageObject","inLanguage":"fr-FR","@id":"https:\/\/secure.gravatar.com\/avatar\/c142402aede931972deb2bb54f21bf4b58e5394009ab68da356ab9ef16516549?s=96&d=mm&r=g","url":"https:\/\/secure.gravatar.com\/avatar\/c142402aede931972deb2bb54f21bf4b58e5394009ab68da356ab9ef16516549?s=96&d=mm&r=g","contentUrl":"https:\/\/secure.gravatar.com\/avatar\/c142402aede931972deb2bb54f21bf4b58e5394009ab68da356ab9ef16516549?s=96&d=mm&r=g","caption":"Maximilian Heil"}}]}},"_links":{"self":[{"href":"https:\/\/africa-eu-energy-partnership.org\/fr\/wp-json\/wp\/v2\/posts\/5494","targetHints":{"allow":["GET"]}}],"collection":[{"href":"https:\/\/africa-eu-energy-partnership.org\/fr\/wp-json\/wp\/v2\/posts"}],"about":[{"href":"https:\/\/africa-eu-energy-partnership.org\/fr\/wp-json\/wp\/v2\/types\/post"}],"author":[{"embeddable":true,"href":"https:\/\/africa-eu-energy-partnership.org\/fr\/wp-json\/wp\/v2\/users\/6"}],"replies":[{"embeddable":true,"href":"https:\/\/africa-eu-energy-partnership.org\/fr\/wp-json\/wp\/v2\/comments?post=5494"}],"version-history":[{"count":2,"href":"https:\/\/africa-eu-energy-partnership.org\/fr\/wp-json\/wp\/v2\/posts\/5494\/revisions"}],"predecessor-version":[{"id":5760,"href":"https:\/\/africa-eu-energy-partnership.org\/fr\/wp-json\/wp\/v2\/posts\/5494\/revisions\/5760"}],"wp:featuredmedia":[{"embeddable":true,"href":"https:\/\/africa-eu-energy-partnership.org\/fr\/wp-json\/wp\/v2\/media\/5448"}],"wp:attachment":[{"href":"https:\/\/africa-eu-energy-partnership.org\/fr\/wp-json\/wp\/v2\/media?parent=5494"}],"wp:term":[{"taxonomy":"category","embeddable":true,"href":"https:\/\/africa-eu-energy-partnership.org\/fr\/wp-json\/wp\/v2\/categories?post=5494"},{"taxonomy":"post_tag","embeddable":true,"href":"https:\/\/africa-eu-energy-partnership.org\/fr\/wp-json\/wp\/v2\/tags?post=5494"}],"curies":[{"name":"wp","href":"https:\/\/api.w.org\/{rel}","templated":true}]}}